{"id":48603,"date":"2012-03-21T16:52:28","date_gmt":"2012-03-21T15:52:28","guid":{"rendered":"https:\/\/recercapau.org\/banco-de-imagenes-y-sonidos\/"},"modified":"2012-03-21T16:52:28","modified_gmt":"2012-03-21T15:52:28","slug":"banco-de-imagenes-y-sonidos","status":"publish","type":"post","link":"https:\/\/recercapau.org\/es\/banco-de-imagenes-y-sonidos\/","title":{"rendered":"Banco de im\u00e1genes y sonidos"},"content":{"rendered":"<p>Iniciativa del Ministerio de Educaci\u00f3n, llevada a cabo a trav\u00e9s del Instituto de Tecnolog\u00edas Educativas, que tiene como objetivo fundamental poner a disposici\u00f3n de todo el conjunto de la comunidad educativa recursos audiovisuales que faciliten y estimulen el desarrollo de contenidos educativos.<\/p>\n<p>Los recursos incluidos en el Banco de im\u00e1genes y sonidos est\u00e1n sujetos a una licencia <a href=\"http:\/\/creativecommons.org\/licenses\/by-nc-sa\/3.0\/es\" target=\"_blank\" rel=\"noopener\">Creative Commons Attribution-NonCommercial-ShareAlike 3.0 Unported<\/a> (<a href=\"http:\/\/creativecommons.org\/licenses\/by-nc-sa\/3.0\/es\/\" target=\"_blank\" rel=\"noopener\">Reconocimiento-NoComercial-CompartirIgual<\/a>)(CC BY-NC-SA 3.0). En consecuencia, las acciones, productos y utilidades derivadas de su utilizaci\u00f3n no podr\u00e1n generar ning\u00fan tipo de lucro y la obra resultante\u00a0s\u00f3lo podr\u00e1 distribuirse bajo esta misma licencia. En las obras derivadas deber\u00e1, asimismo, habr\u00e1 que hacer referencia expresa a la fuente y al autor del recurso utilizado.<\/p>\n<p>Facilita un importante cat\u00e1logo de fotograf\u00edas e ilustraciones de alta calidad con un buscador por temas o palabra clave. Las colecciones permiten acceder a un determinado \u00e1mbito tem\u00e1tico, vinculado con los diferentes estudios reglados. Adem\u00e1s, incluye sonidos, v\u00eddeos y animaciones, y permite que la comunidad educativa done sus propios recursos.<\/p>\n<p><a href=\"http:\/\/recursostic.educacion.es\/bancoimagenes\/web\/\" target=\"_blank\" rel=\"noopener\"><span style=\"color: #800000;\"><strong>Acceso al material<\/strong><\/span><\/a><\/p>\n","protected":false},"excerpt":{"rendered":"<p>Iniciativa del Ministerio de Educaci\u00f3n, llevada a cabo a trav\u00e9s<\/p>\n","protected":false},"author":1,"featured_media":0,"comment_status":"closed","ping_status":"open","sticky":false,"template":"","format":"standard","meta":{"footnotes":""},"categories":[26,837],"tags":[],"class_list":["post-48603","post","type-post","status-publish","format-standard","hentry","category-eso","category-eso-es"],"_links":{"self":[{"href":"https:\/\/recercapau.org\/es\/wp-json\/wp\/v2\/posts\/48603","targetHints":{"allow":["GET"]}}],"collection":[{"href":"https:\/\/recercapau.org\/es\/wp-json\/wp\/v2\/posts"}],"about":[{"href":"https:\/\/recercapau.org\/es\/wp-json\/wp\/v2\/types\/post"}],"author":[{"embeddable":true,"href":"https:\/\/recercapau.org\/es\/wp-json\/wp\/v2\/users\/1"}],"replies":[{"embeddable":true,"href":"https:\/\/recercapau.org\/es\/wp-json\/wp\/v2\/comments?post=48603"}],"version-history":[{"count":0,"href":"https:\/\/recercapau.org\/es\/wp-json\/wp\/v2\/posts\/48603\/revisions"}],"wp:attachment":[{"href":"https:\/\/recercapau.org\/es\/wp-json\/wp\/v2\/media?parent=48603"}],"wp:term":[{"taxonomy":"category","embeddable":true,"href":"https:\/\/recercapau.org\/es\/wp-json\/wp\/v2\/categories?post=48603"},{"taxonomy":"post_tag","embeddable":true,"href":"https:\/\/recercapau.org\/es\/wp-json\/wp\/v2\/tags?post=48603"}],"curies":[{"name":"wp","href":"https:\/\/api.w.org\/{rel}","templated":true}]}}